{"id":826,"date":"2026-09-01T12:59:04","date_gmt":"2026-09-01T10:59:04","guid":{"rendered":"https:\/\/sniklub.hu\/hogyan-kommunikaljunk-hatekonyan-az-iskola-pedagogusaival\/"},"modified":"2026-09-01T12:59:04","modified_gmt":"2026-09-01T10:59:04","slug":"hogyan-kommunikaljunk-hatekonyan-az-iskola-pedagogusaival","status":"publish","type":"post","link":"https:\/\/sniklub.hu\/en\/hogyan-kommunikaljunk-hatekonyan-az-iskola-pedagogusaival\/","title":{"rendered":"Hogyan kommunik\u00e1ljunk hat\u00e9konyan az iskola pedag\u00f3gusaival"},"content":{"rendered":"<p>A pedag\u00f3gusokkal val\u00f3 besz\u00e9lget\u00e9s sor\u00e1n fontos, hogy vil\u00e1gosan \u00e9s szervezetten kommunik\u00e1ljunk. K\u00e9sz\u00edts\u00fcnk list\u00e1t azokr\u00f3l a k\u00e9rd\u00e9sekr\u0151l vagy agg\u00e1lyokr\u00f3l, amelyeket meg szeretn\u00e9nk besz\u00e9lni, hogy ne feledkez\u00fcnk meg semmilyen l\u00e9nyeges pontr\u00f3l. Az els\u0151 tal\u00e1lkoz\u00e1sok el\u0151tt gy\u0171jts\u00fcnk \u00f6ssze konkr\u00e9t p\u00e9ld\u00e1kat a gyermek\u00fcnk viselked\u00e9s\u00e9r\u0151l vagy tanul\u00e1si neh\u00e9zs\u00e9geir\u0151l, melyek seg\u00edtik a k\u00f6z\u00f6s meg\u00e9rt\u00e9st. Fontos, hogy pozit\u00edv hozz\u00e1\u00e1ll\u00e1ssal induljunk el az besz\u00e9lget\u00e9sbe, hiszen a pedag\u00f3gus \u00e9s a sz\u00fcl\u0151 azonos c\u00e9l mellett dolgozik: a gyermek fejl\u0151d\u00e9se. \u00dctemezz\u00fcnk meg rendszeres tal\u00e1lkoz\u00f3kat, ne csak akkor keress\u00fck fel az iskola munkat\u00e1rsait, ha gond l\u00e9pett fel. Meghallgatva a pedag\u00f3gusok v\u00e9lem\u00e9ny\u00e9t \u00e9s tapasztalatait, sokkal hat\u00e9konyabban tudjuk t\u00e1mogatni a gyermek fejl\u0151d\u00e9s\u00e9nek folyamat\u00e1t. Az alkalmazott inkluz\u00edv megk\u00f6zel\u00edt\u00e9s \u00e9s a k\u00f6lcs\u00f6n\u00f6s tisztelet alapj\u00e1ul szolg\u00e1l a hossz\u00fa t\u00e1v\u00fa, eredm\u00e9nyes egy\u00fcttm\u0171k\u00f6d\u00e9snek.<\/p>","protected":false},"excerpt":{"rendered":"<p>Az iskola \u00e9s a sz\u00fcl\u0151 k\u00f6z\u00f6tti j\u00f3 kommunik\u00e1ci\u00f3 alapvet\u0151 fontoss\u00e1g\u00fa a saj\u00e1tos nevel\u00e9si ig\u00e9ny\u0171 gyermekek fejl\u0151d\u00e9s\u00e9hez. Ebben a cikkben megosztjuk azokat a praktikus tippeket, amelyek seg\u00edthetnek abban, hogy konstrukt\u00edv p\u00e1rbesz\u00e9d alakuljon ki az oktat\u00e1si int\u00e9zm\u00e9ny munkat\u00e1rsaival.<\/p>","protected":false},"author":0,"featured_media":0,"comment_status":"open","ping_status":"open","sticky":false,"template":"","format":"standard","meta":{"footnotes":""},"categories":[22],"tags":[],"class_list":["post-826","post","type-post","status-publish","format-standard","hentry","category-egyeb"],"yoast_head":"<!-- This site is optimized with the Yoast SEO Premium plugin v28.1 (Yoast SEO v28.1) - https:\/\/yoast.com\/product\/yoast-seo-premium-wordpress\/ -->\n<title>Hat\u00e9kony kommunik\u00e1ci\u00f3 iskolai pedag\u00f3gusokkal<\/title>\n<meta name=\"description\" content=\"Praktikus tan\u00e1csok sz\u00fcl\u0151knek az iskola pedag\u00f3gusaival val\u00f3 hat\u00e9kony kommunik\u00e1ci\u00f3hoz. Dr. Madar\u00e1szn\u00e9 B\u00e1nyai \u00c1gnes szakmai seg\u00edts\u00e9g\u00e9vel.\" \/>\n<meta name=\"robots\" content=\"index, follow, max-snippet:-1, max-image-preview:large, max-video-preview:-1\" \/>\n<link rel=\"canonical\" href=\"https:\/\/sniklub.hu\/en\/hogyan-kommunikaljunk-hatekonyan-az-iskola-pedagogusaival\/\" \/>\n<meta property=\"og:locale\" content=\"en_US\" \/>\n<meta property=\"og:type\" content=\"article\" \/>\n<meta property=\"og:title\" content=\"Hogyan kommunik\u00e1ljunk hat\u00e9konyan az iskola pedag\u00f3gusaival\" \/>\n<meta property=\"og:description\" content=\"Praktikus tan\u00e1csok sz\u00fcl\u0151knek az iskola pedag\u00f3gusaival val\u00f3 hat\u00e9kony kommunik\u00e1ci\u00f3hoz. Dr. Madar\u00e1szn\u00e9 B\u00e1nyai \u00c1gnes szakmai seg\u00edts\u00e9g\u00e9vel.\" \/>\n<meta property=\"og:url\" content=\"https:\/\/sniklub.hu\/en\/hogyan-kommunikaljunk-hatekonyan-az-iskola-pedagogusaival\/\" \/>\n<meta property=\"og:site_name\" content=\"Dr.Madar\u00e1szn\u00e9 B\u00e1nyai \u00c1gnes E.V.\" \/>\n<meta property=\"article:published_time\" content=\"2026-09-01T10:59:04+00:00\" \/>\n<meta name=\"twitter:card\" content=\"summary_large_image\" \/>\n<meta name=\"twitter:label1\" content=\"Est. reading time\" \/>\n\t<meta name=\"twitter:data1\" content=\"1 minute\" \/>\n<script type=\"application\/ld+json\" class=\"yoast-schema-graph\">{\"@context\":\"https:\\\/\\\/schema.org\",\"@graph\":[{\"@type\":\"Article\",\"@id\":\"https:\\\/\\\/sniklub.hu\\\/hogyan-kommunikaljunk-hatekonyan-az-iskola-pedagogusaival\\\/#article\",\"isPartOf\":{\"@id\":\"https:\\\/\\\/sniklub.hu\\\/hogyan-kommunikaljunk-hatekonyan-az-iskola-pedagogusaival\\\/\"},\"author\":{\"name\":\"\",\"@id\":\"\"},\"headline\":\"Hogyan kommunik\u00e1ljunk hat\u00e9konyan az iskola pedag\u00f3gusaival\",\"datePublished\":\"2026-09-01T10:59:04+00:00\",\"mainEntityOfPage\":{\"@id\":\"https:\\\/\\\/sniklub.hu\\\/hogyan-kommunikaljunk-hatekonyan-az-iskola-pedagogusaival\\\/\"},\"wordCount\":206,\"commentCount\":0,\"publisher\":{\"@id\":\"https:\\\/\\\/sniklub.hu\\\/#organization\"},\"articleSection\":[\"Egy\u00e9b\"],\"inLanguage\":\"en-US\",\"potentialAction\":[{\"@type\":\"CommentAction\",\"name\":\"Comment\",\"target\":[\"https:\\\/\\\/sniklub.hu\\\/hogyan-kommunikaljunk-hatekonyan-az-iskola-pedagogusaival\\\/#respond\"]}]},{\"@type\":\"WebPage\",\"@id\":\"https:\\\/\\\/sniklub.hu\\\/hogyan-kommunikaljunk-hatekonyan-az-iskola-pedagogusaival\\\/\",\"url\":\"https:\\\/\\\/sniklub.hu\\\/hogyan-kommunikaljunk-hatekonyan-az-iskola-pedagogusaival\\\/\",\"name\":\"Hat\u00e9kony kommunik\u00e1ci\u00f3 iskolai pedag\u00f3gusokkal\",\"isPartOf\":{\"@id\":\"https:\\\/\\\/sniklub.hu\\\/#website\"},\"datePublished\":\"2026-09-01T10:59:04+00:00\",\"description\":\"Praktikus tan\u00e1csok sz\u00fcl\u0151knek az iskola pedag\u00f3gusaival val\u00f3 hat\u00e9kony kommunik\u00e1ci\u00f3hoz. Dr. Madar\u00e1szn\u00e9 B\u00e1nyai \u00c1gnes szakmai seg\u00edts\u00e9g\u00e9vel.\",\"breadcrumb\":{\"@id\":\"https:\\\/\\\/sniklub.hu\\\/hogyan-kommunikaljunk-hatekonyan-az-iskola-pedagogusaival\\\/#breadcrumb\"},\"inLanguage\":\"en-US\",\"potentialAction\":[{\"@type\":\"ReadAction\",\"target\":[\"https:\\\/\\\/sniklub.hu\\\/hogyan-kommunikaljunk-hatekonyan-az-iskola-pedagogusaival\\\/\"]}]},{\"@type\":\"BreadcrumbList\",\"@id\":\"https:\\\/\\\/sniklub.hu\\\/hogyan-kommunikaljunk-hatekonyan-az-iskola-pedagogusaival\\\/#breadcrumb\",\"itemListElement\":[{\"@type\":\"ListItem\",\"position\":1,\"name\":\"Kezd\u0151lap\",\"item\":\"https:\\\/\\\/sniklub.hu\\\/\"},{\"@type\":\"ListItem\",\"position\":2,\"name\":\"Hogyan kommunik\u00e1ljunk hat\u00e9konyan az iskola pedag\u00f3gusaival\"}]},{\"@type\":\"WebSite\",\"@id\":\"https:\\\/\\\/sniklub.hu\\\/#website\",\"url\":\"https:\\\/\\\/sniklub.hu\\\/\",\"name\":\"Dr.Madar\u00e1szn\u00e9 B\u00e1nyai \u00c1gnes E.V.\",\"description\":\"\",\"publisher\":{\"@id\":\"https:\\\/\\\/sniklub.hu\\\/#organization\"},\"potentialAction\":[{\"@type\":\"SearchAction\",\"target\":{\"@type\":\"EntryPoint\",\"urlTemplate\":\"https:\\\/\\\/sniklub.hu\\\/?s={search_term_string}\"},\"query-input\":{\"@type\":\"PropertyValueSpecification\",\"valueRequired\":true,\"valueName\":\"search_term_string\"}}],\"inLanguage\":\"en-US\"},{\"@type\":\"Organization\",\"@id\":\"https:\\\/\\\/sniklub.hu\\\/#organization\",\"name\":\"Dr.Madar\u00e1szn\u00e9 B\u00e1nyai \u00c1gnes E.V.\",\"url\":\"https:\\\/\\\/sniklub.hu\\\/\",\"logo\":{\"@type\":\"ImageObject\",\"inLanguage\":\"en-US\",\"@id\":\"https:\\\/\\\/sniklub.hu\\\/#\\\/schema\\\/logo\\\/image\\\/\",\"url\":\"https:\\\/\\\/sniklub.hu\\\/wp-content\\\/uploads\\\/2026\\\/09\\\/logo_sniklub_hu.png\",\"contentUrl\":\"https:\\\/\\\/sniklub.hu\\\/wp-content\\\/uploads\\\/2026\\\/09\\\/logo_sniklub_hu.png\",\"width\":2500,\"height\":2317,\"caption\":\"Dr.Madar\u00e1szn\u00e9 B\u00e1nyai \u00c1gnes E.V.\"},\"image\":{\"@id\":\"https:\\\/\\\/sniklub.hu\\\/#\\\/schema\\\/logo\\\/image\\\/\"}}]}<\/script>\n<!-- \/ Yoast SEO Premium plugin. -->","yoast_head_json":{"title":"Hat\u00e9kony kommunik\u00e1ci\u00f3 iskolai pedag\u00f3gusokkal","description":"Praktikus tan\u00e1csok sz\u00fcl\u0151knek az iskola pedag\u00f3gusaival val\u00f3 hat\u00e9kony kommunik\u00e1ci\u00f3hoz. Dr. Madar\u00e1szn\u00e9 B\u00e1nyai \u00c1gnes szakmai seg\u00edts\u00e9g\u00e9vel.","robots":{"index":"index","follow":"follow","max-snippet":"max-snippet:-1","max-image-preview":"max-image-preview:large","max-video-preview":"max-video-preview:-1"},"canonical":"https:\/\/sniklub.hu\/en\/hogyan-kommunikaljunk-hatekonyan-az-iskola-pedagogusaival\/","og_locale":"en_US","og_type":"article","og_title":"Hogyan kommunik\u00e1ljunk hat\u00e9konyan az iskola pedag\u00f3gusaival","og_description":"Praktikus tan\u00e1csok sz\u00fcl\u0151knek az iskola pedag\u00f3gusaival val\u00f3 hat\u00e9kony kommunik\u00e1ci\u00f3hoz. Dr. Madar\u00e1szn\u00e9 B\u00e1nyai \u00c1gnes szakmai seg\u00edts\u00e9g\u00e9vel.","og_url":"https:\/\/sniklub.hu\/en\/hogyan-kommunikaljunk-hatekonyan-az-iskola-pedagogusaival\/","og_site_name":"Dr.Madar\u00e1szn\u00e9 B\u00e1nyai \u00c1gnes E.V.","article_published_time":"2026-09-01T10:59:04+00:00","twitter_card":"summary_large_image","twitter_misc":{"Est. reading time":"1 minute"},"schema":{"@context":"https:\/\/schema.org","@graph":[{"@type":"Article","@id":"https:\/\/sniklub.hu\/hogyan-kommunikaljunk-hatekonyan-az-iskola-pedagogusaival\/#article","isPartOf":{"@id":"https:\/\/sniklub.hu\/hogyan-kommunikaljunk-hatekonyan-az-iskola-pedagogusaival\/"},"author":{"name":"","@id":""},"headline":"Hogyan kommunik\u00e1ljunk hat\u00e9konyan az iskola pedag\u00f3gusaival","datePublished":"2026-09-01T10:59:04+00:00","mainEntityOfPage":{"@id":"https:\/\/sniklub.hu\/hogyan-kommunikaljunk-hatekonyan-az-iskola-pedagogusaival\/"},"wordCount":206,"commentCount":0,"publisher":{"@id":"https:\/\/sniklub.hu\/#organization"},"articleSection":["Egy\u00e9b"],"inLanguage":"en-US","potentialAction":[{"@type":"CommentAction","name":"Comment","target":["https:\/\/sniklub.hu\/hogyan-kommunikaljunk-hatekonyan-az-iskola-pedagogusaival\/#respond"]}]},{"@type":"WebPage","@id":"https:\/\/sniklub.hu\/hogyan-kommunikaljunk-hatekonyan-az-iskola-pedagogusaival\/","url":"https:\/\/sniklub.hu\/hogyan-kommunikaljunk-hatekonyan-az-iskola-pedagogusaival\/","name":"Hat\u00e9kony kommunik\u00e1ci\u00f3 iskolai pedag\u00f3gusokkal","isPartOf":{"@id":"https:\/\/sniklub.hu\/#website"},"datePublished":"2026-09-01T10:59:04+00:00","description":"Praktikus tan\u00e1csok sz\u00fcl\u0151knek az iskola pedag\u00f3gusaival val\u00f3 hat\u00e9kony kommunik\u00e1ci\u00f3hoz. Dr. Madar\u00e1szn\u00e9 B\u00e1nyai \u00c1gnes szakmai seg\u00edts\u00e9g\u00e9vel.","breadcrumb":{"@id":"https:\/\/sniklub.hu\/hogyan-kommunikaljunk-hatekonyan-az-iskola-pedagogusaival\/#breadcrumb"},"inLanguage":"en-US","potentialAction":[{"@type":"ReadAction","target":["https:\/\/sniklub.hu\/hogyan-kommunikaljunk-hatekonyan-az-iskola-pedagogusaival\/"]}]},{"@type":"BreadcrumbList","@id":"https:\/\/sniklub.hu\/hogyan-kommunikaljunk-hatekonyan-az-iskola-pedagogusaival\/#breadcrumb","itemListElement":[{"@type":"ListItem","position":1,"name":"Kezd\u0151lap","item":"https:\/\/sniklub.hu\/"},{"@type":"ListItem","position":2,"name":"Hogyan kommunik\u00e1ljunk hat\u00e9konyan az iskola pedag\u00f3gusaival"}]},{"@type":"WebSite","@id":"https:\/\/sniklub.hu\/#website","url":"https:\/\/sniklub.hu\/","name":"Dr.Madar\u00e1szn\u00e9 B\u00e1nyai \u00c1gnes E.V.","description":"","publisher":{"@id":"https:\/\/sniklub.hu\/#organization"},"potentialAction":[{"@type":"SearchAction","target":{"@type":"EntryPoint","urlTemplate":"https:\/\/sniklub.hu\/?s={search_term_string}"},"query-input":{"@type":"PropertyValueSpecification","valueRequired":true,"valueName":"search_term_string"}}],"inLanguage":"en-US"},{"@type":"Organization","@id":"https:\/\/sniklub.hu\/#organization","name":"Dr.Madar\u00e1szn\u00e9 B\u00e1nyai \u00c1gnes E.V.","url":"https:\/\/sniklub.hu\/","logo":{"@type":"ImageObject","inLanguage":"en-US","@id":"https:\/\/sniklub.hu\/#\/schema\/logo\/image\/","url":"https:\/\/sniklub.hu\/wp-content\/uploads\/2026\/09\/logo_sniklub_hu.png","contentUrl":"https:\/\/sniklub.hu\/wp-content\/uploads\/2026\/09\/logo_sniklub_hu.png","width":2500,"height":2317,"caption":"Dr.Madar\u00e1szn\u00e9 B\u00e1nyai \u00c1gnes E.V."},"image":{"@id":"https:\/\/sniklub.hu\/#\/schema\/logo\/image\/"}}]}},"_links":{"self":[{"href":"https:\/\/sniklub.hu\/en\/wp-json\/wp\/v2\/posts\/826","targetHints":{"allow":["GET"]}}],"collection":[{"href":"https:\/\/sniklub.hu\/en\/wp-json\/wp\/v2\/posts"}],"about":[{"href":"https:\/\/sniklub.hu\/en\/wp-json\/wp\/v2\/types\/post"}],"replies":[{"embeddable":true,"href":"https:\/\/sniklub.hu\/en\/wp-json\/wp\/v2\/comments?post=826"}],"version-history":[{"count":0,"href":"https:\/\/sniklub.hu\/en\/wp-json\/wp\/v2\/posts\/826\/revisions"}],"wp:attachment":[{"href":"https:\/\/sniklub.hu\/en\/wp-json\/wp\/v2\/media?parent=826"}],"wp:term":[{"taxonomy":"category","embeddable":true,"href":"https:\/\/sniklub.hu\/en\/wp-json\/wp\/v2\/categories?post=826"},{"taxonomy":"post_tag","embeddable":true,"href":"https:\/\/sniklub.hu\/en\/wp-json\/wp\/v2\/tags?post=826"}],"curies":[{"name":"wp","href":"https:\/\/api.w.org\/{rel}","templated":true}]}}